{"id":98,"date":"2022-09-28T11:57:39","date_gmt":"2022-09-28T11:57:39","guid":{"rendered":"http:\/\/www.gelisimevreni.com\/?p=98"},"modified":"2025-11-11T14:45:53","modified_gmt":"2025-11-11T14:45:53","slug":"beslenme-terapisi","status":"publish","type":"post","link":"http:\/\/www.gelisimevreni.com\/index.php\/2022\/09\/28\/beslenme-terapisi\/","title":{"rendered":"Pediatrik Beslenme Bozuklu\u011fu Nedir? Kriterleri Nelerdir?"},"content":{"rendered":"\n<p>D\u00fcnya \u00fczerindeki \u00e7ocuklar\u0131n bir\u00e7o\u011fu yo\u011fun art\u0131\u015f g\u00f6steren obeziteye ra\u011fmen orta ya da ciddi derecede zay\u0131f kalmaktad\u0131r. Geli\u015fimsel sorunlar\u0131 olan \u00e7ocuklar genellikle \u2018\u00f6nce\u2019 beslenme sorunlar\u0131yla kar\u015f\u0131la\u015f\u0131rlar. Beslenme sorunlar\u0131 sonucunda motor geli\u015fim, dil geli\u015fimi ve davran\u0131\u015f alanlar\u0131nda geli\u015fimsel gecikmeler olmaktad\u0131r.<br><\/p>\n\n\n\n<p>Pediatrik Beslenme Bozuklu\u011fu tan\u0131s\u0131 i\u00e7in net kriterler ancak iki y\u0131l \u00f6nce olu\u015fturulmu\u015ftur. Bu tan\u0131 kriterleri;<br>A. Besinlerin oral al\u0131m\u0131nda ya\u015fa uygun olmayan, en az 2 hafta s\u00fcren ve a\u015fa\u011f\u0131dakilerden 1 ya da daha fazlas\u0131 ile ili\u015fkili bir bozukluk: medikal, besin, beslenme becerileri ve\/veya psikososyal i\u015flev bozuklu\u011fu;<br>B. yeme bozukluklar\u0131 ile uyumlu bili\u015fsel s\u00fcre\u00e7lerin yoklu\u011funda ve oral al\u0131m modeli, yiyecek eksikli\u011finden veya k\u00fclt\u00fcrel normlarla uyumlu olmad\u0131\u011f\u0131ndan \u015feklindedir. Yap\u0131lan bir\u00e7ok ara\u015ft\u0131rma sonras\u0131 beslenme problemleri bilinenin aksine aileden kaynakl\u0131 ortaya \u00e7\u0131kmamaktad\u0131r. Aile bu s\u00fcreci olumlu ya da olumsuz y\u00f6nde peki\u015ftirmektedir.<br><\/p>\n\n\n\n<p>De\u011ferlendirme s\u00fcrecinde \u00e7ocu\u011fun, \u00e7evresel fakt\u00f6rlerin ve ebeveynlerin detayl\u0131 bir \u015fekilde g\u00f6zlemlenmesi gerekmektedir. Yeme ad\u0131mlar\u0131nda farkl\u0131 yiyeceklerde hangi seviyede oldu\u011fu tespit edilmelidir. \u00c7ocu\u011fun  davran\u0131\u015flar\u0131n\u0131n alt\u0131nda yatan duyusal problemler iyi tespit edilmelidir.<br><\/p>\n\n\n\n<p>Terapi seanslar\u0131nda terapistler, yiyeceklerle \u00e7al\u0131\u015fmakta, farkl\u0131 men\u00fclerle yiyecek deneyimlerini artt\u0131rmakta ve ya\u015fa uygun oyunlar\u0131 kullanmakt\u0131r.<\/p>\n\n\n<div class=\"wp-block-image\">\n<figure class=\"aligncenter size-large is-resized\"><img loading=\"lazy\" decoding=\"async\" width=\"768\" height=\"1024\" src=\"http:\/\/www.gelisimevreni.com\/wp-content\/uploads\/2022\/09\/how-to-cut-food-for-babies-main-768x1024.jpg\" alt=\"\" class=\"wp-image-198\" style=\"width:266px;height:auto\" srcset=\"http:\/\/www.gelisimevreni.com\/wp-content\/uploads\/2022\/09\/how-to-cut-food-for-babies-main-768x1023.jpg 768w, http:\/\/www.gelisimevreni.com\/wp-content\/uploads\/2022\/09\/how-to-cut-food-for-babies-main-225x300.jpg 225w, http:\/\/www.gelisimevreni.com\/wp-content\/uploads\/2022\/09\/how-to-cut-food-for-babies-main.jpg 800w\" sizes=\"auto, (max-width: 768px) 100vw, 768px\" \/><\/figure><\/div>","protected":false},"excerpt":{"rendered":"<p>D\u00fcnya \u00fczerindeki \u00e7ocuklar\u0131n bir\u00e7o\u011fu yo\u011fun art\u0131\u015f g\u00f6steren obeziteye ra\u011fmen orta ya da ciddi derecede zay\u0131f kalmaktad\u0131r. Geli\u015fimsel sorunlar\u0131 olan \u00e7ocuklar &hellip; <\/p>\n","protected":false},"author":1,"featured_media":0,"comment_status":"open","ping_status":"open","sticky":false,"template":"","format":"standard","meta":{"om_disable_all_campaigns":false,"_monsterinsights_skip_tracking":false,"_monsterinsights_sitenote_active":false,"_monsterinsights_sitenote_note":"","_monsterinsights_sitenote_category":0,"footnotes":""},"categories":[1],"tags":[],"class_list":["post-98","post","type-post","status-publish","format-standard","hentry","category-uncategorized"],"aioseo_notices":[],"_links":{"self":[{"href":"http:\/\/www.gelisimevreni.com\/index.php\/wp-json\/wp\/v2\/posts\/98","targetHints":{"allow":["GET"]}}],"collection":[{"href":"http:\/\/www.gelisimevreni.com\/index.php\/wp-json\/wp\/v2\/posts"}],"about":[{"href":"http:\/\/www.gelisimevreni.com\/index.php\/wp-json\/wp\/v2\/types\/post"}],"author":[{"embeddable":true,"href":"http:\/\/www.gelisimevreni.com\/index.php\/wp-json\/wp\/v2\/users\/1"}],"replies":[{"embeddable":true,"href":"http:\/\/www.gelisimevreni.com\/index.php\/wp-json\/wp\/v2\/comments?post=98"}],"version-history":[{"count":3,"href":"http:\/\/www.gelisimevreni.com\/index.php\/wp-json\/wp\/v2\/posts\/98\/revisions"}],"predecessor-version":[{"id":200,"href":"http:\/\/www.gelisimevreni.com\/index.php\/wp-json\/wp\/v2\/posts\/98\/revisions\/200"}],"wp:attachment":[{"href":"http:\/\/www.gelisimevreni.com\/index.php\/wp-json\/wp\/v2\/media?parent=98"}],"wp:term":[{"taxonomy":"category","embeddable":true,"href":"http:\/\/www.gelisimevreni.com\/index.php\/wp-json\/wp\/v2\/categories?post=98"},{"taxonomy":"post_tag","embeddable":true,"href":"http:\/\/www.gelisimevreni.com\/index.php\/wp-json\/wp\/v2\/tags?post=98"}],"curies":[{"name":"wp","href":"https:\/\/api.w.org\/{rel}","templated":true}]}}